{"id":599,"count":12,"description":"In den letzten 30 Jahren, ist die D.O. Ribera del Duero in Erscheinung getreten, um die gr\u00f6\u00dfte Weinregion Spaniens herauszufordern. Sie befindet sich in der spanischen Hochebene und erstreckt sich \u00fcber vier Regionen der Provinz Castilla y Le\u00f3n: Burgos, Segovia, Soria und Valladolid. Trotz der Bezeichnung erstreckt sich das Gebiet jedoch nicht entlang des Duero Flusses, an dem mehr als 100 D\u00f6rfer liegen. Ribera del Duero erhielt die Herkunftsbezeichnung D.O. im Jahre 1982. Heute gibt es dort mehr als 250 Weinkellereien und \u00fcber 22.000 Ha voller Weinreben. Der Gro\u00dfteil der Produktion in Ribera del Duero ist dem Rotwein gewidmet und ein geringer Anteil dem Ros\u00e9. Es sind noch keine Wei\u00dfweine mit dieser Herkunftsbezeichnung zugelassen, aber das wird sich bald \u00e4ndern. Die Region zeichnet sich durch ihr haupts\u00e4chlich flaches, steiniges Gel\u00e4nde aus.","link":"https:\/\/felixsolisavantis.com\/de\/wines_filter\/d-o-ribera-del-duero-de\/","name":"D.O. Ribera del Duero","slug":"d-o-ribera-del-duero-de","taxonomy":"wines_filter","parent":591,"meta":[],"acf":[],"yoast_head":"<!-- This site is optimized with the Yoast SEO plugin v21.6 - https:\/\/yoast.com\/wordpress\/plugins\/seo\/ -->\n<title>D.O. Ribera del Duero archivos | F\u00e9lix Sol\u00eds Avantis<\/title>\n<meta name=\"robots\" content=\"noindex, follow\" \/>\n<meta property=\"og:locale\" content=\"de_DE\" \/>\n<meta property=\"og:type\" content=\"article\" \/>\n<meta property=\"og:title\" content=\"D.O. Ribera del Duero archivos | F\u00e9lix Sol\u00eds Avantis\" \/>\n<meta property=\"og:description\" content=\"In den letzten 30 Jahren, ist die D.O. Ribera del Duero in Erscheinung getreten, um die gr\u00f6\u00dfte Weinregion Spaniens herauszufordern. Sie befindet sich in der spanischen Hochebene und erstreckt sich \u00fcber vier Regionen der Provinz Castilla y Le\u00f3n: Burgos, Segovia, Soria und Valladolid. Trotz der Bezeichnung erstreckt sich das Gebiet jedoch nicht entlang des Duero Flusses, an dem mehr als 100 D\u00f6rfer liegen. Ribera del Duero erhielt die Herkunftsbezeichnung D.O. im Jahre 1982. Heute gibt es dort mehr als 250 Weinkellereien und \u00fcber 22.000 Ha voller Weinreben. Der Gro\u00dfteil der Produktion in Ribera del Duero ist dem Rotwein gewidmet und ein geringer Anteil dem Ros\u00e9. Es sind noch keine Wei\u00dfweine mit dieser Herkunftsbezeichnung zugelassen, aber das wird sich bald \u00e4ndern. Die Region zeichnet sich durch ihr haupts\u00e4chlich flaches, steiniges Gel\u00e4nde aus.\" \/>\n<meta property=\"og:url\" content=\"https:\/\/felixsolisavantis.com\/de\/wines_filter\/d-o-ribera-del-duero-de\/\" \/>\n<meta property=\"og:site_name\" content=\"F\u00e9lix Sol\u00eds Avantis\" \/>\n<meta name=\"twitter:card\" content=\"summary_large_image\" \/>\n<meta name=\"twitter:site\" content=\"@felixsolisgrupo\" \/>\n<script type=\"application\/ld+json\" class=\"yoast-schema-graph\">{\"@context\":\"https:\/\/schema.org\",\"@graph\":[{\"@type\":\"CollectionPage\",\"@id\":\"https:\/\/felixsolisavantis.com\/de\/wines_filter\/d-o-ribera-del-duero-de\/\",\"url\":\"https:\/\/felixsolisavantis.com\/de\/wines_filter\/d-o-ribera-del-duero-de\/\",\"name\":\"D.O. Ribera del Duero archivos | F\u00e9lix Sol\u00eds Avantis\",\"isPartOf\":{\"@id\":\"https:\/\/felixsolisavantis.com\/#website\"},\"breadcrumb\":{\"@id\":\"https:\/\/felixsolisavantis.com\/de\/wines_filter\/d-o-ribera-del-duero-de\/#breadcrumb\"},\"inLanguage\":\"de-DE\"},{\"@type\":\"BreadcrumbList\",\"@id\":\"https:\/\/felixsolisavantis.com\/de\/wines_filter\/d-o-ribera-del-duero-de\/#breadcrumb\",\"itemListElement\":[{\"@type\":\"ListItem\",\"position\":1,\"name\":\"Region\",\"item\":\"https:\/\/felixsolisavantis.com\/de\/wines_filter\/region-de\/\"},{\"@type\":\"ListItem\",\"position\":2,\"name\":\"Pagos del Rey\",\"item\":\"https:\/\/felixsolisavantis.com\/de\/wines_filter\/pagos-del-rey-de\/\"},{\"@type\":\"ListItem\",\"position\":3,\"name\":\"D.O. Ribera del Duero\"}]},{\"@type\":\"WebSite\",\"@id\":\"https:\/\/felixsolisavantis.com\/#website\",\"url\":\"https:\/\/felixsolisavantis.com\/\",\"name\":\"F\u00e9lix Sol\u00eds Avantis\",\"description\":\"\",\"publisher\":{\"@id\":\"https:\/\/felixsolisavantis.com\/#organization\"},\"potentialAction\":[{\"@type\":\"SearchAction\",\"target\":{\"@type\":\"EntryPoint\",\"urlTemplate\":\"https:\/\/felixsolisavantis.com\/?s={search_term_string}\"},\"query-input\":\"required name=search_term_string\"}],\"inLanguage\":\"de-DE\"},{\"@type\":\"Organization\",\"@id\":\"https:\/\/felixsolisavantis.com\/#organization\",\"name\":\"F\u00e9lix Sol\u00eds Avantis\",\"url\":\"https:\/\/felixsolisavantis.com\/\",\"logo\":{\"@type\":\"ImageObject\",\"inLanguage\":\"de-DE\",\"@id\":\"https:\/\/felixsolisavantis.com\/#\/schema\/logo\/image\/\",\"url\":\"https:\/\/felixsolisavantis.com\/app\/uploads\/2022\/03\/felix_solis_avantis_logo_neg_rgb_black.png\",\"contentUrl\":\"https:\/\/felixsolisavantis.com\/app\/uploads\/2022\/03\/felix_solis_avantis_logo_neg_rgb_black.png\",\"width\":1820,\"height\":705,\"caption\":\"F\u00e9lix Sol\u00eds Avantis\"},\"image\":{\"@id\":\"https:\/\/felixsolisavantis.com\/#\/schema\/logo\/image\/\"},\"sameAs\":[\"https:\/\/www.facebook.com\/felixsolis.avantis\",\"https:\/\/twitter.com\/felixsolisgrupo\",\"https:\/\/www.instagram.com\/felixsolisavantis\/\"]}]}<\/script>\n<!-- \/ Yoast SEO plugin. -->","yoast_head_json":{"title":"D.O. Ribera del Duero archivos | F\u00e9lix Sol\u00eds Avantis","robots":{"index":"noindex","follow":"follow"},"og_locale":"de_DE","og_type":"article","og_title":"D.O. Ribera del Duero archivos | F\u00e9lix Sol\u00eds Avantis","og_description":"In den letzten 30 Jahren, ist die D.O. Ribera del Duero in Erscheinung getreten, um die gr\u00f6\u00dfte Weinregion Spaniens herauszufordern. Sie befindet sich in der spanischen Hochebene und erstreckt sich \u00fcber vier Regionen der Provinz Castilla y Le\u00f3n: Burgos, Segovia, Soria und Valladolid. Trotz der Bezeichnung erstreckt sich das Gebiet jedoch nicht entlang des Duero Flusses, an dem mehr als 100 D\u00f6rfer liegen. Ribera del Duero erhielt die Herkunftsbezeichnung D.O. im Jahre 1982. Heute gibt es dort mehr als 250 Weinkellereien und \u00fcber 22.000 Ha voller Weinreben. Der Gro\u00dfteil der Produktion in Ribera del Duero ist dem Rotwein gewidmet und ein geringer Anteil dem Ros\u00e9. Es sind noch keine Wei\u00dfweine mit dieser Herkunftsbezeichnung zugelassen, aber das wird sich bald \u00e4ndern. Die Region zeichnet sich durch ihr haupts\u00e4chlich flaches, steiniges Gel\u00e4nde aus.","og_url":"https:\/\/felixsolisavantis.com\/de\/wines_filter\/d-o-ribera-del-duero-de\/","og_site_name":"F\u00e9lix Sol\u00eds Avantis","twitter_card":"summary_large_image","twitter_site":"@felixsolisgrupo","schema":{"@context":"https:\/\/schema.org","@graph":[{"@type":"CollectionPage","@id":"https:\/\/felixsolisavantis.com\/de\/wines_filter\/d-o-ribera-del-duero-de\/","url":"https:\/\/felixsolisavantis.com\/de\/wines_filter\/d-o-ribera-del-duero-de\/","name":"D.O. Ribera del Duero archivos | F\u00e9lix Sol\u00eds Avantis","isPartOf":{"@id":"https:\/\/felixsolisavantis.com\/#website"},"breadcrumb":{"@id":"https:\/\/felixsolisavantis.com\/de\/wines_filter\/d-o-ribera-del-duero-de\/#breadcrumb"},"inLanguage":"de-DE"},{"@type":"BreadcrumbList","@id":"https:\/\/felixsolisavantis.com\/de\/wines_filter\/d-o-ribera-del-duero-de\/#breadcrumb","itemListElement":[{"@type":"ListItem","position":1,"name":"Region","item":"https:\/\/felixsolisavantis.com\/de\/wines_filter\/region-de\/"},{"@type":"ListItem","position":2,"name":"Pagos del Rey","item":"https:\/\/felixsolisavantis.com\/de\/wines_filter\/pagos-del-rey-de\/"},{"@type":"ListItem","position":3,"name":"D.O. Ribera del Duero"}]},{"@type":"WebSite","@id":"https:\/\/felixsolisavantis.com\/#website","url":"https:\/\/felixsolisavantis.com\/","name":"F\u00e9lix Sol\u00eds Avantis","description":"","publisher":{"@id":"https:\/\/felixsolisavantis.com\/#organization"},"potentialAction":[{"@type":"SearchAction","target":{"@type":"EntryPoint","urlTemplate":"https:\/\/felixsolisavantis.com\/?s={search_term_string}"},"query-input":"required name=search_term_string"}],"inLanguage":"de-DE"},{"@type":"Organization","@id":"https:\/\/felixsolisavantis.com\/#organization","name":"F\u00e9lix Sol\u00eds Avantis","url":"https:\/\/felixsolisavantis.com\/","logo":{"@type":"ImageObject","inLanguage":"de-DE","@id":"https:\/\/felixsolisavantis.com\/#\/schema\/logo\/image\/","url":"https:\/\/felixsolisavantis.com\/app\/uploads\/2022\/03\/felix_solis_avantis_logo_neg_rgb_black.png","contentUrl":"https:\/\/felixsolisavantis.com\/app\/uploads\/2022\/03\/felix_solis_avantis_logo_neg_rgb_black.png","width":1820,"height":705,"caption":"F\u00e9lix Sol\u00eds Avantis"},"image":{"@id":"https:\/\/felixsolisavantis.com\/#\/schema\/logo\/image\/"},"sameAs":["https:\/\/www.facebook.com\/felixsolis.avantis","https:\/\/twitter.com\/felixsolisgrupo","https:\/\/www.instagram.com\/felixsolisavantis\/"]}]}},"_links":{"self":[{"href":"https:\/\/felixsolisavantis.com\/de\/wp-json\/wp\/v2\/wines_filter\/599"}],"collection":[{"href":"https:\/\/felixsolisavantis.com\/de\/wp-json\/wp\/v2\/wines_filter"}],"about":[{"href":"https:\/\/felixsolisavantis.com\/de\/wp-json\/wp\/v2\/taxonomies\/wines_filter"}],"up":[{"embeddable":true,"href":"https:\/\/felixsolisavantis.com\/de\/wp-json\/wp\/v2\/wines_filter\/591"}],"wp:post_type":[{"href":"https:\/\/felixsolisavantis.com\/de\/wp-json\/wp\/v2\/wine?wines_filter=599"}],"curies":[{"name":"wp","href":"https:\/\/api.w.org\/{rel}","templated":true}]}}